{"id":1169,"date":"2024-07-13T21:33:25","date_gmt":"2024-07-13T21:33:25","guid":{"rendered":"https:\/\/www.revolution1848-1849.eu\/?p=1169"},"modified":"2024-07-13T21:36:09","modified_gmt":"2024-07-13T21:36:09","slug":"museum-abtei-liesborn-maerz-2023-demokratie-und-medien","status":"publish","type":"post","link":"https:\/\/www.revolution1848-1849.eu\/?p=1169","title":{"rendered":"Museum Abtei Liesborn M\u00e4rz 2023 \u201eDemokratie und Medien\u201c"},"content":{"rendered":"<div class=\"wp-block-image\">\n<figure class=\"alignleft size-large is-resized\"><img loading=\"lazy\" decoding=\"async\" width=\"768\" height=\"1024\" src=\"https:\/\/www.revolution1848-1849.eu\/wp-content\/uploads\/2024\/07\/IMG-20230226-WA0045-768x1024.jpg\" alt=\"\" class=\"wp-image-1176\" style=\"width:238px;height:auto\" srcset=\"https:\/\/www.revolution1848-1849.eu\/wp-content\/uploads\/2024\/07\/IMG-20230226-WA0045-768x1024.jpg 768w, https:\/\/www.revolution1848-1849.eu\/wp-content\/uploads\/2024\/07\/IMG-20230226-WA0045-225x300.jpg 225w, https:\/\/www.revolution1848-1849.eu\/wp-content\/uploads\/2024\/07\/IMG-20230226-WA0045-1152x1536.jpg 1152w, https:\/\/www.revolution1848-1849.eu\/wp-content\/uploads\/2024\/07\/IMG-20230226-WA0045.jpg 1200w\" sizes=\"auto, (max-width: 768px) 100vw, 768px\" \/><\/figure>\n<\/div>\n\n\n<div class=\"wp-block-group is-nowrap is-layout-flex wp-container-core-group-is-layout-ad2f72ca wp-block-group-is-layout-flex\">\n<p>Den M\u00e4rz 1848 kennt wohl jeder aus den Geschichtsb\u00fcchern. Darin finden sich auch immer wieder zeitgen\u00f6ssische Karikaturen und Skizzen. Denen widmete sich im Jubil\u00e4umsjahr 2023 eine Sonderausstellung im Museum Abtei Liesborn. Der Aktionstag (26. Februar) lud die Museumsbesucher zu besonderen F\u00fchrungen und Vortr\u00e4gen ein. Neben einer historischen Modenschau von Finchens Vintage Clothing (Svenja Kaya) gab es an dem Wochenende auch einen Druck-Workshop und im Vorraum der Sonderausstellung hatten sich Steffen, Christof und Christian von der IG Lebendige Geschichte 1848-1849 eine kleine Kneipenszene eingerichtet. Zu Beginn jeder F\u00fchrung zeigten sie ein Streitgespr\u00e4ch zwischen einem republikanischen Arbeiter (Christof), einem liberalen Kaufmann (Christian) und einem konservativ-k\u00f6nigstreuen Gerichtsassessor (Steffen). So konnten die Zuschauer gut erkennen, woran die Revolution, vor allem aber die Situation in der Paulskirche krankte und warum die Revolution vermutlich auf politischer Ebene scheiterte. Erg\u00e4nzt wurde das Programm durch eine weitere Vorf\u00fchrung: Steffen und Christian zeigten am Beispiel eines preu\u00dfischen Infanteristen die Uniformierung und Ausr\u00fcstung der damaligen K\u00e4mpfer, erkl\u00e4rten aber auch die Lebensumst\u00e4nde der Wehrpflichtigen und die Handhabung der Musketen. Die Besucher waren begeistert. Es entsponnen sich tolle Gespr\u00e4che. Ob es die Dame war, die sich f\u00fcr die N\u00e4hte der B\u00fcrgerwehrbluse interessierte oder der junge Mann, der wissen wollte warum die Republikaner nicht mit den Liberalen zusammenarbeiteten \u2013 es war eine rundum gelungene Veranstaltung und der Museumsleiter Dr. Steinbach war sehr zufrieden. Unsere drei Mitglieder lie\u00dfen es sich nat\u00fcrlich auch nicht nehmen, die Ausstellung mit den sehenswerten Karikaturen zu besichtigen. Die Fotos sprechen f\u00fcr sich.<\/p>\n<\/div>\n\n\n<div class=\"wp-block-image\">\n<figure class=\"alignleft size-large is-resized\"><img loading=\"lazy\" decoding=\"async\" width=\"768\" height=\"1024\" src=\"https:\/\/www.revolution1848-1849.eu\/wp-content\/uploads\/2024\/07\/IMG_20230226_182917-768x1024.jpg\" alt=\"\" class=\"wp-image-1175\" style=\"width:242px;height:auto\" srcset=\"https:\/\/www.revolution1848-1849.eu\/wp-content\/uploads\/2024\/07\/IMG_20230226_182917-768x1024.jpg 768w, https:\/\/www.revolution1848-1849.eu\/wp-content\/uploads\/2024\/07\/IMG_20230226_182917-225x300.jpg 225w, https:\/\/www.revolution1848-1849.eu\/wp-content\/uploads\/2024\/07\/IMG_20230226_182917-1152x1536.jpg 1152w, https:\/\/www.revolution1848-1849.eu\/wp-content\/uploads\/2024\/07\/IMG_20230226_182917-1536x2048.jpg 1536w, https:\/\/www.revolution1848-1849.eu\/wp-content\/uploads\/2024\/07\/IMG_20230226_182917-scaled.jpg 1920w\" sizes=\"auto, (max-width: 768px) 100vw, 768px\" \/><\/figure>\n<\/div>\n\n<div class=\"wp-block-image\">\n<figure class=\"alignright size-large is-resized\"><img loading=\"lazy\" decoding=\"async\" width=\"768\" height=\"1024\" src=\"https:\/\/www.revolution1848-1849.eu\/wp-content\/uploads\/2024\/07\/20230226_155437-768x1024.jpg\" alt=\"\" class=\"wp-image-1171\" style=\"width:261px;height:auto\" srcset=\"https:\/\/www.revolution1848-1849.eu\/wp-content\/uploads\/2024\/07\/20230226_155437-768x1024.jpg 768w, https:\/\/www.revolution1848-1849.eu\/wp-content\/uploads\/2024\/07\/20230226_155437-225x300.jpg 225w, https:\/\/www.revolution1848-1849.eu\/wp-content\/uploads\/2024\/07\/20230226_155437-1152x1536.jpg 1152w, https:\/\/www.revolution1848-1849.eu\/wp-content\/uploads\/2024\/07\/20230226_155437-1536x2048.jpg 1536w, https:\/\/www.revolution1848-1849.eu\/wp-content\/uploads\/2024\/07\/20230226_155437-scaled.jpg 1920w\" sizes=\"auto, (max-width: 768px) 100vw, 768px\" \/><\/figure>\n<\/div>\n\n<div class=\"wp-block-image\">\n<figure class=\"alignright size-large is-resized\"><img loading=\"lazy\" decoding=\"async\" width=\"768\" height=\"1024\" src=\"https:\/\/www.revolution1848-1849.eu\/wp-content\/uploads\/2024\/07\/20230226_160035-768x1024.jpg\" alt=\"\" class=\"wp-image-1172\" style=\"width:260px;height:auto\" srcset=\"https:\/\/www.revolution1848-1849.eu\/wp-content\/uploads\/2024\/07\/20230226_160035-768x1024.jpg 768w, https:\/\/www.revolution1848-1849.eu\/wp-content\/uploads\/2024\/07\/20230226_160035-225x300.jpg 225w, https:\/\/www.revolution1848-1849.eu\/wp-content\/uploads\/2024\/07\/20230226_160035-1152x1536.jpg 1152w, https:\/\/www.revolution1848-1849.eu\/wp-content\/uploads\/2024\/07\/20230226_160035-1536x2048.jpg 1536w, https:\/\/www.revolution1848-1849.eu\/wp-content\/uploads\/2024\/07\/20230226_160035-scaled.jpg 1920w\" sizes=\"auto, (max-width: 768px) 100vw, 768px\" \/><\/figure>\n<\/div>\n\n\n<p>Kaum zwei Wochen sp\u00e4ter war das IG-Mitglied Christian schon wieder im Liesborner Museum. Diesmal auf Einladung der Konrad-Adenauer-Stiftung. Im Rahmen eines Projekttages f\u00fcr die Sch\u00fclerinnen und Sch\u00fcler zweier Geschichts-LK erkl\u00e4rte Christian den jungen Menschen an seiner Station die Lebensumst\u00e4nde in der Mitte des 19. Jahrhunderts und wer wollte, der durfte auch mal in die Uniform und Ausr\u00fcstung eines preu\u00dfischen Soldaten schl\u00fcpfen. Mulmig wurde es den jungen Menschen, wenn Christian ihnen erz\u00e4hlte, wie ein junger Mann, kaum \u00e4lter als sie selbst, damals eine Schlacht erlebt haben muss. Da wurde es pl\u00f6tzlich ganz still. Den Sch\u00fclerinnen und Sch\u00fclern gefiel es sehr gut und auch die Lehrerinnen und Lehrer waren begeistert. Letztere fanden vor allem die M\u00f6glichkeit Gebrauchsgegenst\u00e4nde und Kleidungsst\u00fccke mal aus der N\u00e4he betrachten und anfassen zu k\u00f6nnen, sehr gut. Dies w\u00fcrde das Verst\u00e4ndnis f\u00fcr die Zeit und die Menschen n\u00e4herbringen als Geschichtsb\u00fccher. F\u00fcr Christian war der Tag anstrengend, aber nicht weniger interessant. Die aufgeschlossenen jungen Menschen, die tollen Fragen und Gespr\u00e4che entsch\u00e4digten v\u00f6llig. Die Stimmung war bei allen Beteiligten sehr gut und das machte den Tag zu einem sehr gelungenen!<\/p>\n\n\n<div class=\"wp-block-image\">\n<figure class=\"alignleft size-large is-resized\"><img loading=\"lazy\" decoding=\"async\" width=\"768\" height=\"1024\" src=\"https:\/\/www.revolution1848-1849.eu\/wp-content\/uploads\/2024\/07\/IMG_1-768x1024.jpeg\" alt=\"\" class=\"wp-image-1173\" style=\"width:200px;height:auto\" srcset=\"https:\/\/www.revolution1848-1849.eu\/wp-content\/uploads\/2024\/07\/IMG_1-768x1024.jpeg 768w, https:\/\/www.revolution1848-1849.eu\/wp-content\/uploads\/2024\/07\/IMG_1-225x300.jpeg 225w, https:\/\/www.revolution1848-1849.eu\/wp-content\/uploads\/2024\/07\/IMG_1-1152x1536.jpeg 1152w, https:\/\/www.revolution1848-1849.eu\/wp-content\/uploads\/2024\/07\/IMG_1-1536x2048.jpeg 1536w, https:\/\/www.revolution1848-1849.eu\/wp-content\/uploads\/2024\/07\/IMG_1-scaled.jpeg 1920w\" sizes=\"auto, (max-width: 768px) 100vw, 768px\" \/><\/figure>\n<\/div>\n\n<div class=\"wp-block-image\">\n<figure class=\"alignright size-large is-resized\"><img loading=\"lazy\" decoding=\"async\" width=\"768\" height=\"1024\" src=\"https:\/\/www.revolution1848-1849.eu\/wp-content\/uploads\/2024\/07\/IMG_20230226_175922-768x1024.jpg\" alt=\"\" class=\"wp-image-1174\" style=\"width:220px;height:auto\" srcset=\"https:\/\/www.revolution1848-1849.eu\/wp-content\/uploads\/2024\/07\/IMG_20230226_175922-768x1024.jpg 768w, https:\/\/www.revolution1848-1849.eu\/wp-content\/uploads\/2024\/07\/IMG_20230226_175922-225x300.jpg 225w, https:\/\/www.revolution1848-1849.eu\/wp-content\/uploads\/2024\/07\/IMG_20230226_175922-1152x1536.jpg 1152w, https:\/\/www.revolution1848-1849.eu\/wp-content\/uploads\/2024\/07\/IMG_20230226_175922-1536x2048.jpg 1536w, https:\/\/www.revolution1848-1849.eu\/wp-content\/uploads\/2024\/07\/IMG_20230226_175922-scaled.jpg 1920w\" sizes=\"auto, (max-width: 768px) 100vw, 768px\" \/><\/figure>\n<\/div>\n\n\n<p>Damit waren die Veranstaltungen im Museum Abtei Liesborn 2023 abgeschlossen. Sie waren eine richtig gute Einleitung in die Jubil\u00e4umsjahre 2023 und 2024. Sch\u00f6ne Veranstaltungen sollten noch folgen!<\/p>\n\n\n<div class=\"wp-block-image\">\n<figure class=\"aligncenter size-large is-resized\"><img loading=\"lazy\" decoding=\"async\" width=\"1024\" height=\"768\" src=\"https:\/\/www.revolution1848-1849.eu\/wp-content\/uploads\/2024\/07\/20230226_133135-1024x768.jpg\" alt=\"\" class=\"wp-image-1170\" style=\"width:327px;height:auto\" srcset=\"https:\/\/www.revolution1848-1849.eu\/wp-content\/uploads\/2024\/07\/20230226_133135-1024x768.jpg 1024w, https:\/\/www.revolution1848-1849.eu\/wp-content\/uploads\/2024\/07\/20230226_133135-300x225.jpg 300w, https:\/\/www.revolution1848-1849.eu\/wp-content\/uploads\/2024\/07\/20230226_133135-768x576.jpg 768w, https:\/\/www.revolution1848-1849.eu\/wp-content\/uploads\/2024\/07\/20230226_133135-1536x1152.jpg 1536w, https:\/\/www.revolution1848-1849.eu\/wp-content\/uploads\/2024\/07\/20230226_133135-2048x1536.jpg 2048w\" sizes=\"auto, (max-width: 1024px) 100vw, 1024px\" \/><\/figure>\n<\/div>","protected":false},"excerpt":{"rendered":"<p>Den M\u00e4rz 1848 kennt wohl jeder aus den Geschichtsb\u00fcchern. Darin finden sich auch immer wieder zeitgen\u00f6ssische Karikaturen und Skizzen. Denen widmete sich im Jubil\u00e4umsjahr 2023 eine Sonderausstellung im Museum Abtei Liesborn. Der Aktionstag (26. Februar) lud die Museumsbesucher zu besonderen F\u00fchrungen und Vortr\u00e4gen ein. Neben einer historischen Modenschau von Finchens Vintage Clothing (Svenja Kaya) gab <a class=\"more-link\" href=\"https:\/\/www.revolution1848-1849.eu\/?p=1169\">weiterlesen&#8230;<\/a><\/p>\n","protected":false},"author":4,"featured_media":1170,"comment_status":"open","ping_status":"open","sticky":false,"template":"","format":"standard","meta":{"footnotes":""},"categories":[3],"tags":[],"class_list":["post-1169","post","type-post","status-publish","format-standard","has-post-thumbnail","hentry","category-verantstaltungen"],"_links":{"self":[{"href":"https:\/\/www.revolution1848-1849.eu\/index.php?rest_route=\/wp\/v2\/posts\/1169","targetHints":{"allow":["GET"]}}],"collection":[{"href":"https:\/\/www.revolution1848-1849.eu\/index.php?rest_route=\/wp\/v2\/posts"}],"about":[{"href":"https:\/\/www.revolution1848-1849.eu\/index.php?rest_route=\/wp\/v2\/types\/post"}],"author":[{"embeddable":true,"href":"https:\/\/www.revolution1848-1849.eu\/index.php?rest_route=\/wp\/v2\/users\/4"}],"replies":[{"embeddable":true,"href":"https:\/\/www.revolution1848-1849.eu\/index.php?rest_route=%2Fwp%2Fv2%2Fcomments&post=1169"}],"version-history":[{"count":6,"href":"https:\/\/www.revolution1848-1849.eu\/index.php?rest_route=\/wp\/v2\/posts\/1169\/revisions"}],"predecessor-version":[{"id":1182,"href":"https:\/\/www.revolution1848-1849.eu\/index.php?rest_route=\/wp\/v2\/posts\/1169\/revisions\/1182"}],"wp:featuredmedia":[{"embeddable":true,"href":"https:\/\/www.revolution1848-1849.eu\/index.php?rest_route=\/wp\/v2\/media\/1170"}],"wp:attachment":[{"href":"https:\/\/www.revolution1848-1849.eu\/index.php?rest_route=%2Fwp%2Fv2%2Fmedia&parent=1169"}],"wp:term":[{"taxonomy":"category","embeddable":true,"href":"https:\/\/www.revolution1848-1849.eu\/index.php?rest_route=%2Fwp%2Fv2%2Fcategories&post=1169"},{"taxonomy":"post_tag","embeddable":true,"href":"https:\/\/www.revolution1848-1849.eu\/index.php?rest_route=%2Fwp%2Fv2%2Ftags&post=1169"}],"curies":[{"name":"wp","href":"https:\/\/api.w.org\/{rel}","templated":true}]}}