{"id":905,"date":"2019-10-14T08:30:48","date_gmt":"2019-10-14T08:30:48","guid":{"rendered":"https:\/\/www.revolution1848-1849.eu\/?p=905"},"modified":"2019-08-04T11:16:47","modified_gmt":"2019-08-04T11:16:47","slug":"1831-aufhebung-der-karlsbader-beschluesse-im-grossherzogthum-baden","status":"publish","type":"post","link":"https:\/\/www.revolution1848-1849.eu\/?p=905","title":{"rendered":"1831  Aufhebung der Karlsbader Beschl\u00fcsse im Gro\u00dfherzogthum Baden"},"content":{"rendered":"\n<p><br>Im  Gro\u00dfherzogthum Baden, welches im Vergleich mit anderen deutschen  Staaten als recht liberal angesehen werden darf, setzte man die  Pressezensur laut Gesetz au\u00dfer Kraft. Jedoch wurde dieses Pressegetz im  Folgejahr als nichtig erkl\u00e4rt und die Zensur wieder eingef\u00fchrt. Grund  daf\u00fcr waren wohl die Ereignisse in und um Hambach in der benachbarten  Rheinpfalz, welche damals zum K\u00f6nigreich Bayern geh\u00f6rte.<\/p>\n\n\n\n<p><strong>Das Kurf\u00fcrstentum Hessen und die neue Verfassung <\/strong><br>Seit\n dem Dezember 1830 beriet das Gesamtstaatsministerium des \u00fcber den vom \nLandtag eingereichten Entwurf welcher am 5. Januar 1831 dem Kurf\u00fcrsten \nvorgelegt wurde. Er unterzeichnete Verfassungsurkunde, die am 8. Januar \n1831 feierlich verk\u00fcndet wurde.<br>Unter den Verfassungen der damaligen \nZeit war sie eine der fortschrittlichsten, weil sie in einigen Punkten \n\u00fcber die bis dahin in anderen Staaten den Landst\u00e4nden gew\u00e4hrten Rechte \nhinausging:<br>Die Kurhessische St\u00e4ndeversammlung war ein \nEinkammerlandtag. Sie besa\u00df das Recht zur Gesetzesinitiative und hatte \ndie Pflicht zur Ministeranklage, wenn ein Regierungsmitglied gegen \nBestimmungen der Verfassung verstie\u00df. Die Eidesleistungen des \nLandesherrn, der Beamten, Offiziere und Abgeordneten erfolgte auf die \nVerfassung. Insbesondere im Hinblick auf die Offiziere war das \nsensationell und sollte 1850 dem Landesherrn noch erhebliche Probleme \nbereiten.<br>Damit war die Kurhessische Verfassung von 1831 zu ihrem Entstehungszeitpunkt wohl die liberalste in Deutschland.<\/p>\n\n\n\n<p>Die\n Reaktionen im \u00fcbrigen Deutschland waren geteilt. Das \nliberaldemokratische Lager war entz\u00fcckt und forderte \u00e4hnliche \nVerfassungen f\u00fcr alle deutschen Staaten. Einige F\u00fcrsten waren \nerschrocken und riefen den Bundestag an. Dieser konnte mit einem Veto \nder Verfassung alles r\u00fcckg\u00e4ngig machen und Widerst\u00e4nde milit\u00e4risch \nbeseitigen. Der Bundestag des Deutschen Bundes sah sich jedoch nicht in \nder Lage, einen Beschluss zu der kurhessischen Verfassung \nherbeizuf\u00fchren. Zu verschieden waren die politischen Motive der \nMitglieder. F\u00fcrst Metternich und der badische Gesandte, wie auch der \nbayrische, waren strikt gegen die kurhessische Verfassung und das \nZeichen, welches sie bedeutete. Preu\u00dfen bef\u00fcrwortete die Verfassung aus \nOpposition zu \u00d6sterreich und aus innerpolitischen Gr\u00fcnden. Die deutschen\n Mittelstaaten waren mehrheitlich daf\u00fcr, um ihre eigenen Verfassungen \nvor Eingriffen des Deutschen Bundes zu sch\u00fctzen. Ohne das Veto des \nDeutschen Bundes erlangte die kurhessische Landesverfassung somit ihre \nRechtm\u00e4\u00dfigkeit.\n\n<\/p>\n","protected":false},"excerpt":{"rendered":"<p>Im Gro\u00dfherzogthum Baden, welches im Vergleich mit anderen deutschen Staaten als recht liberal angesehen werden darf, setzte man die Pressezensur laut Gesetz au\u00dfer Kraft. Jedoch wurde dieses Pressegetz im Folgejahr als nichtig erkl\u00e4rt und die Zensur wieder eingef\u00fchrt. Grund daf\u00fcr waren wohl die Ereignisse in und um Hambach in der benachbarten Rheinpfalz, welche damals zum <a class=\"more-link\" href=\"https:\/\/www.revolution1848-1849.eu\/?p=905\">weiterlesen&#8230;<\/a><\/p>\n","protected":false},"author":4,"featured_media":0,"comment_status":"open","ping_status":"open","sticky":false,"template":"","format":"standard","meta":{"footnotes":""},"categories":[11,5,4],"tags":[],"class_list":["post-905","post","type-post","status-publish","format-standard","hentry","category-der-kalender-der-revolutionsablaeufe","category-geschichtliches","category-zeitsplitter"],"_links":{"self":[{"href":"https:\/\/www.revolution1848-1849.eu\/index.php?rest_route=\/wp\/v2\/posts\/905","targetHints":{"allow":["GET"]}}],"collection":[{"href":"https:\/\/www.revolution1848-1849.eu\/index.php?rest_route=\/wp\/v2\/posts"}],"about":[{"href":"https:\/\/www.revolution1848-1849.eu\/index.php?rest_route=\/wp\/v2\/types\/post"}],"author":[{"embeddable":true,"href":"https:\/\/www.revolution1848-1849.eu\/index.php?rest_route=\/wp\/v2\/users\/4"}],"replies":[{"embeddable":true,"href":"https:\/\/www.revolution1848-1849.eu\/index.php?rest_route=%2Fwp%2Fv2%2Fcomments&post=905"}],"version-history":[{"count":1,"href":"https:\/\/www.revolution1848-1849.eu\/index.php?rest_route=\/wp\/v2\/posts\/905\/revisions"}],"predecessor-version":[{"id":906,"href":"https:\/\/www.revolution1848-1849.eu\/index.php?rest_route=\/wp\/v2\/posts\/905\/revisions\/906"}],"wp:attachment":[{"href":"https:\/\/www.revolution1848-1849.eu\/index.php?rest_route=%2Fwp%2Fv2%2Fmedia&parent=905"}],"wp:term":[{"taxonomy":"category","embeddable":true,"href":"https:\/\/www.revolution1848-1849.eu\/index.php?rest_route=%2Fwp%2Fv2%2Fcategories&post=905"},{"taxonomy":"post_tag","embeddable":true,"href":"https:\/\/www.revolution1848-1849.eu\/index.php?rest_route=%2Fwp%2Fv2%2Ftags&post=905"}],"curies":[{"name":"wp","href":"https:\/\/api.w.org\/{rel}","templated":true}]}}