{"id":941,"date":"2020-02-10T08:30:41","date_gmt":"2020-02-10T08:30:41","guid":{"rendered":"https:\/\/www.revolution1848-1849.eu\/?p=941"},"modified":"2019-08-04T11:04:26","modified_gmt":"2019-08-04T11:04:26","slug":"der-elberfelder-aufstand-teil-1","status":"publish","type":"post","link":"https:\/\/www.revolution1848-1849.eu\/?p=941","title":{"rendered":"Der Elberfelder Aufstand (Teil 1)"},"content":{"rendered":"\n<p>\nIn Elberfeld stie\u00dfen die Ablehnung der Reichsverfassung, die Entwaffnung\n der Berliner B\u00fcrgerwehr und die Einsetzung einer reaktion\u00e4ren Regierung\n unter dem Minister Brandenburg durch den K\u00f6nig  auf Emp\u00f6rung. In \nElberfeld spielte der \u201epolitische Club\u201c, der dem demokratischen \nCentralm\u00e4rzverein angeh\u00f6rte, eine wichtige Rolle. Einer vom \u201epolitischen\n Klub\u201c veranstalteten Volksversammlung folgten am 29. April 1849 \u00fcber \ntausend Menschen, die eine Protestresolution verabschiedeten. Am \nfolgenden Tag wurde die Resolution in D\u00fcsseldorf dem Regierungspr\u00e4sidium\n \u00fcbergeben. <\/p>\n\n\n\n<p>Am 1. Mai 1849 beriet der Gemeinderat \u00fcber die Lage.\n Rechtsanwalt Dr. Hermann H\u00f6chster kam mit seinem Antrag durch, die \nAufl\u00f6sung der zweiten Kammer zu kritisieren. Mit knapper Mehrheit von 12\n zu 11 Stimmen wurde ein Bekenntnis zur Reichsverfassung zwar abgelehnt,\n jedoch bereits die Tatsache dass der Gemeinderat \u00fcberhaupt \u00fcber \nallgemeinpolitische Fragen diskutierte brachte ihm die Missbilligung \ndurch den kommissarischen Regierungspr\u00e4sidenten Wilhelm von Spankeren \nein.<\/p>\n\n\n\n<p>Am 3. Mai berief ein neu gegr\u00fcndetes Landwehrkomitee die \nAngeh\u00f6rigen der Landwehr aus Elberfeld zu einer Versammlung ein. \nImmerhin 153 Landwehrsoldaten erkl\u00e4rten die Regierung unter Friedrich \nWilhelm von Brandenburg f\u00fcr volksfeindlich. \u201eUnterzeichnete \nLandwehrm\u00e4nner Elberfelds erkennen und erkl\u00e4ren, dass das der Krone \numgebende Ministerium als ein volksfeindliches zu betrachten ist und \nhalten sich der absoluten Krone entbunden. Dagegen erkl\u00e4ren sich \ndieselben mit der von der Frankfurter Nationalversammlung festgelegten \nVerfassung einverstanden und sind entschlossen, die Einf\u00fchrung dieser \nVerfassung f\u00fcr Deutschland mit ihrer Person und Ehre zu \nbewerkstelligen.\u201c<\/p>\n\n\n\n<p>Nachdem am 5. Mai die ersten \nEinberufungsbefehle ergingen, rief das Landwehrkomitee die \nLandwehrangeh\u00f6rigen der Stadt und der benachbarten Gemeinden mit m\u00e4\u00dfigem\n Erfolg zum Widerstand auf. Die Landwehrm\u00e4nner aus der Umgebung \ndistanzierten sich ausdr\u00fccklich von den anarchistischen Bestrebungen, \naber auch die meisten Elberfelder Landwehrm\u00e4nner folgten der Einberufung\n nach Essen. Gleichwohl bef\u00fcrchtete der kommissarische Landrat Carl \nFriedrich Melbeck Unruhen und forderte am 7. Mai Milit\u00e4r an. Am selben \nTag riefen die aufst\u00e4ndischen Landwehrm\u00e4nner aus Elberfeld  alle \nLandwehrangeh\u00f6rigen des ehemaligen Gro\u00dfherzogtums Berg und der \nGrafschaft Mark auf, gegen die ungesetzlichen Ma\u00dfnahmen der Regierung \nnotfalls mit Waffengewalt vorzugehen.<\/p>\n\n\n\n<p>Am 9. Mai 1849 r\u00fcckten \ngegen den Willen von Oberb\u00fcrgermeister Johann Adolf von Carnap \ntats\u00e4chlich regul\u00e4re Truppen in Elberfeld ein. Erst daraufhin begann man\n mit dem Bau von Barrikaden. Der Versuch des Milit\u00e4rs, die Barrikaden \nohne Waffengewalt zu \u00fcberwinden und die Mitglieder des Landwehrkomitees \nfestzunehmen, scheiterte. Die Truppen zogen sich daraufhin zur\u00fcck und \ntraten zun\u00e4chst auch nicht in Aktion, als eine aufgebrachte Menge das \nHaus von B\u00fcrgermeister Carnap besch\u00e4digte und zahlreiche Gefangene aus \ndem Gef\u00e4ngnis befreite. Am Abend kam es dann zu Auseinandersetzungen, \nbei denen mehrere Personen starben. Am n\u00e4chsten Tag zogen die Truppen \nab, vermutlich um die Unruhen in D\u00fcsseldorf zu bek\u00e4mpfen. Auch der \nOberb\u00fcrgermeister und f\u00fchrende Beamte verlie\u00dfen die Stadt.\n\n<\/p>\n","protected":false},"excerpt":{"rendered":"<p>In Elberfeld stie\u00dfen die Ablehnung der Reichsverfassung, die Entwaffnung der Berliner B\u00fcrgerwehr und die Einsetzung einer reaktion\u00e4ren Regierung unter dem Minister Brandenburg durch den K\u00f6nig auf Emp\u00f6rung. In Elberfeld spielte der \u201epolitische Club\u201c, der dem demokratischen Centralm\u00e4rzverein angeh\u00f6rte, eine wichtige Rolle. Einer vom \u201epolitischen Klub\u201c veranstalteten Volksversammlung folgten am 29. April 1849 \u00fcber tausend Menschen, <a class=\"more-link\" href=\"https:\/\/www.revolution1848-1849.eu\/?p=941\">weiterlesen&#8230;<\/a><\/p>\n","protected":false},"author":4,"featured_media":0,"comment_status":"open","ping_status":"open","sticky":false,"template":"","format":"standard","meta":{"footnotes":""},"categories":[11,5,4],"tags":[],"class_list":["post-941","post","type-post","status-publish","format-standard","hentry","category-der-kalender-der-revolutionsablaeufe","category-geschichtliches","category-zeitsplitter"],"_links":{"self":[{"href":"https:\/\/www.revolution1848-1849.eu\/index.php?rest_route=\/wp\/v2\/posts\/941","targetHints":{"allow":["GET"]}}],"collection":[{"href":"https:\/\/www.revolution1848-1849.eu\/index.php?rest_route=\/wp\/v2\/posts"}],"about":[{"href":"https:\/\/www.revolution1848-1849.eu\/index.php?rest_route=\/wp\/v2\/types\/post"}],"author":[{"embeddable":true,"href":"https:\/\/www.revolution1848-1849.eu\/index.php?rest_route=\/wp\/v2\/users\/4"}],"replies":[{"embeddable":true,"href":"https:\/\/www.revolution1848-1849.eu\/index.php?rest_route=%2Fwp%2Fv2%2Fcomments&post=941"}],"version-history":[{"count":1,"href":"https:\/\/www.revolution1848-1849.eu\/index.php?rest_route=\/wp\/v2\/posts\/941\/revisions"}],"predecessor-version":[{"id":942,"href":"https:\/\/www.revolution1848-1849.eu\/index.php?rest_route=\/wp\/v2\/posts\/941\/revisions\/942"}],"wp:attachment":[{"href":"https:\/\/www.revolution1848-1849.eu\/index.php?rest_route=%2Fwp%2Fv2%2Fmedia&parent=941"}],"wp:term":[{"taxonomy":"category","embeddable":true,"href":"https:\/\/www.revolution1848-1849.eu\/index.php?rest_route=%2Fwp%2Fv2%2Fcategories&post=941"},{"taxonomy":"post_tag","embeddable":true,"href":"https:\/\/www.revolution1848-1849.eu\/index.php?rest_route=%2Fwp%2Fv2%2Ftags&post=941"}],"curies":[{"name":"wp","href":"https:\/\/api.w.org\/{rel}","templated":true}]}}