{"id":953,"date":"2020-03-23T08:30:26","date_gmt":"2020-03-23T08:30:26","guid":{"rendered":"https:\/\/www.revolution1848-1849.eu\/?p=953"},"modified":"2019-08-04T11:11:09","modified_gmt":"2019-08-04T11:11:09","slug":"ereignisse-in-baden-nach-der-meuterei-in-rastatt","status":"publish","type":"post","link":"https:\/\/www.revolution1848-1849.eu\/?p=953","title":{"rendered":"Ereignisse in Baden nach der Meuterei in Rastatt"},"content":{"rendered":"\n<p>\nNach der Meuterei in Rastatt kam es am 13. Mai 1849 zu der Offenburger \nVolksversammlung. Dort wurde ein 16-Punkte-Programm beschlossen, welches\n unter anderem die unbedingte Anerkennung der Reichsverfassung und die \nBildung einer neuen, allerdings noch immer gro\u00dfherzoglichen, Regierung \nunter dem liberalen Politiker Lorenz Brentano forderte. Die amtierende \ngro\u00dfherzogliche Regierung lehnte die Forderungen der Offenburger \nVersammlung nat\u00fcrlich ab. Am Abend des 13. Mai fuhr der revolution\u00e4re \nLandesausschuss der Volksvereine nach Rastatt, wo Amand Goegg vom Balkon\n des Rathauses die Offenburger Beschl\u00fcsse verk\u00fcndete und Brentano \nB\u00fcrgerwehr und Soldaten auf die Reichsverfassung vereidigte. Noch in der\n gleichen Nacht vom 13. zum 14. Mai floh Gro\u00dfherzog Leopold aus seiner \nResidenz in Karlsruhe ins Exil nach Koblenz.<\/p>\n\n\n\n<p>Am 14. Mai 1849 \nwurde das Ministerium Hoffmann\/Bekk wird f\u00fcr abgesetzt erkl\u00e4rt und eine \nExekutivkommission des Landesausschusses, der zun\u00e4chst anstelle der \ngefl\u00fcchteten gro\u00dfherzoglichen Regierung die Regierungsgesch\u00e4fte \n\u00fcbernahm, etablierte sich mit Amand Goegg, Joseph Ignatz Peter und Carl \nJoseph Eichfeldt unter ihrem Pr\u00e4sidenten Lorenz Brentano.<br>Johann \nPhilipp Becker wurde mit der Schaffung und Organisation der Volkswehr \nbeauftragt. Sein erster Tagesbefehl datierte vom 21. Mai. Zeitgleich \nreorganisierte Kriegsminister Franz Sigel die Linientruppen der \nbadischen Armee, indem die Offiziere von ihren Soldaten gew\u00e4hlt wurden. \nBrentanos Regierung musste sich auf den Einmarsch reaktion\u00e4rer Truppen \nvorbereiten.<\/p>\n\n\n\n<p><strong>Die Bundesintervention<\/strong><br>Die \nBundesintervention war eine im Deutschen Bund vorgesehene Ma\u00dfnahme, um \ndie monarchisch\u2013legitimistische Ordnung und die \u00f6ffentlichen Ruhe vor \nbundesfeindlichen Bewegungen zu sichern, auch mit milit\u00e4rischen Mitteln.\n Falls notwendig konnte dies sogar durch Zusammenwirken des ganzen \nBundes geschehen. Grundlage hierf\u00fcr waren die Artikel 25, 26 und 28 der \nWiener Schlussakte vom 8. Juli 1820 sowie Teile der Karlsbader \nBeschl\u00fcsse. Der Sitz des Bundestages war Frankfurt am Main und es zeigt \nsich eine gewisse Ironie darin, dass er trotz der Nationalversammlung \nweiter bestehen blieb und nach dem Verzicht der Kaiserkrone durch den \npreu\u00dfischen K\u00f6nig, direkt wieder handlungsf\u00e4hig war.<\/p>\n\n\n\n<p>Die \nBundesintervention gegen Baden wurde im Mai 1849 durch den Gro\u00dfherzog  \nLeopold von Baden erbeten. Preu\u00dfen, Mecklenburg, Nassau, Hessen und \nW\u00fcrttemberg, sowie Bayern, erkl\u00e4rten sich bereit, sie durchzuf\u00fchren und \nstellten Truppen zur Verf\u00fcgung. Es wurden vier Armeekorps gebildet, drei\n davon unter dem Kommando von preu\u00dfischen Gener\u00e4len. Das erste \npreu\u00dfische Korps unter General von Hirschfeldt sollte die Pfalz besetzen\n und anschlie\u00dfend das aus den Bundestruppen gebildete Neckarkorps unter \nGeneral von Peucker in Baden unterst\u00fctzen. Das zweite preu\u00dfische \nArmeekorps diente als Reserve. Das vierte Korps war ein rein bayrisches \nunter dem Befehl des F\u00fcrsten von Thurn und Taxis. Es sollte ebenfalls in\n die Pfalz einr\u00fccken und dort die bayrische Verwaltung wieder einsetzen,\n sowie die Polizeigewalt \u00fcbernehmen. Die Bayern planten dar\u00fcber hinaus \nein weiteres Armeekorps gegen den badischen Seekreis zu entsenden und \ndie Aufst\u00e4ndischen in die Zange zu nehmen.\n\n<\/p>\n","protected":false},"excerpt":{"rendered":"<p>Nach der Meuterei in Rastatt kam es am 13. Mai 1849 zu der Offenburger Volksversammlung. Dort wurde ein 16-Punkte-Programm beschlossen, welches unter anderem die unbedingte Anerkennung der Reichsverfassung und die Bildung einer neuen, allerdings noch immer gro\u00dfherzoglichen, Regierung unter dem liberalen Politiker Lorenz Brentano forderte. Die amtierende gro\u00dfherzogliche Regierung lehnte die Forderungen der Offenburger Versammlung <a class=\"more-link\" href=\"https:\/\/www.revolution1848-1849.eu\/?p=953\">weiterlesen&#8230;<\/a><\/p>\n","protected":false},"author":4,"featured_media":0,"comment_status":"open","ping_status":"open","sticky":false,"template":"","format":"standard","meta":{"footnotes":""},"categories":[11,5,4],"tags":[],"class_list":["post-953","post","type-post","status-publish","format-standard","hentry","category-der-kalender-der-revolutionsablaeufe","category-geschichtliches","category-zeitsplitter"],"_links":{"self":[{"href":"https:\/\/www.revolution1848-1849.eu\/index.php?rest_route=\/wp\/v2\/posts\/953","targetHints":{"allow":["GET"]}}],"collection":[{"href":"https:\/\/www.revolution1848-1849.eu\/index.php?rest_route=\/wp\/v2\/posts"}],"about":[{"href":"https:\/\/www.revolution1848-1849.eu\/index.php?rest_route=\/wp\/v2\/types\/post"}],"author":[{"embeddable":true,"href":"https:\/\/www.revolution1848-1849.eu\/index.php?rest_route=\/wp\/v2\/users\/4"}],"replies":[{"embeddable":true,"href":"https:\/\/www.revolution1848-1849.eu\/index.php?rest_route=%2Fwp%2Fv2%2Fcomments&post=953"}],"version-history":[{"count":1,"href":"https:\/\/www.revolution1848-1849.eu\/index.php?rest_route=\/wp\/v2\/posts\/953\/revisions"}],"predecessor-version":[{"id":954,"href":"https:\/\/www.revolution1848-1849.eu\/index.php?rest_route=\/wp\/v2\/posts\/953\/revisions\/954"}],"wp:attachment":[{"href":"https:\/\/www.revolution1848-1849.eu\/index.php?rest_route=%2Fwp%2Fv2%2Fmedia&parent=953"}],"wp:term":[{"taxonomy":"category","embeddable":true,"href":"https:\/\/www.revolution1848-1849.eu\/index.php?rest_route=%2Fwp%2Fv2%2Fcategories&post=953"},{"taxonomy":"post_tag","embeddable":true,"href":"https:\/\/www.revolution1848-1849.eu\/index.php?rest_route=%2Fwp%2Fv2%2Ftags&post=953"}],"curies":[{"name":"wp","href":"https:\/\/api.w.org\/{rel}","templated":true}]}}